{"id":7051,"date":"2026-04-28T20:08:11","date_gmt":"2026-04-28T20:08:11","guid":{"rendered":"https:\/\/ipaslac.org\/19-years-after-partial-decriminalization-in-the-cdmx-feminist-organizations-demand-that-abortion-be-removed-from-the-penal-code\/"},"modified":"2026-04-29T11:20:58","modified_gmt":"2026-04-29T11:20:58","slug":"19-years-after-partial-decriminalization-in-the-cdmx-feminist-organizations-demand-that-abortion-be-removed-from-the-penal-code","status":"publish","type":"post","link":"https:\/\/ipaslac.org\/en\/19-years-after-partial-decriminalization-in-the-cdmx-feminist-organizations-demand-that-abortion-be-removed-from-the-penal-code\/","title":{"rendered":"19 years after partial decriminalization in the CDMX, feminist organizations demand that abortion be removed from the Penal Code"},"content":{"rendered":"<p>[et_pb_section fb_built=&#8221;1&#8243; admin_label=&#8221;section&#8221; _builder_version=&#8221;4.16&#8243; global_colors_info=&#8221;{}&#8221; theme_builder_area=&#8221;post_content&#8221;][et_pb_row admin_label=&#8221;row&#8221; _builder_version=&#8221;4.16&#8243; background_size=&#8221;initial&#8221; background_position=&#8221;top_left&#8221; background_repeat=&#8221;repeat&#8221; global_colors_info=&#8221;{}&#8221; theme_builder_area=&#8221;post_content&#8221;][et_pb_column type=&#8221;4_4&#8243; _builder_version=&#8221;4.16&#8243; custom_padding=&#8221;|||&#8221; global_colors_info=&#8221;{}&#8221; custom_padding__hover=&#8221;|||&#8221; theme_builder_area=&#8221;post_content&#8221;][et_pb_text _builder_version=&#8221;4.27.6&#8243; _module_preset=&#8221;default&#8221; global_colors_info=&#8221;{}&#8221; theme_builder_area=&#8221;post_content&#8221;]<\/p>\n<p style=\"padding-left: 40px;\"><em><span style=\"font-size: 18px;\"><span class=\"EOP SCXW74013233 BCX0\" data-ccp-props=\"{\"201341983\":0,\"335551550\":6,\"335551620\":6,\"335559740\":276}\"><span style=\"font-weight: 400;\">Activists perform a performance with a pi\u00f1ata in front of the Mexico City Congress to demand that abortion be eliminated from the Penal Code.<br \/><\/span><span style=\"font-weight: 400;\"><\/span><\/span><\/span><\/em><\/p>\n<p style=\"padding-left: 40px;\"><em><span style=\"font-size: 18px;\"><span class=\"EOP SCXW74013233 BCX0\" data-ccp-props=\"{\"201341983\":0,\"335551550\":6,\"335551620\":6,\"335559740\":276}\"><span style=\"font-weight: 400;\">  Although the CDMX decriminalized abortion 19 years ago, and it is recognized as a health service, it is still considered a crime under criminal law.<\/span> <\/span><\/span><\/em><\/p>\n<p><span style=\"font-weight: 400;\">On the 19th anniversary of the partial decriminalization of abortion in the CDMX,<strong> feminist organizations, collectives and activists gathered in front of the City Congress<\/strong> to commemorate this milestone, and at the same time <strong>demand that abortion be definitively eliminated from the<\/strong> state <strong>Penal Code<\/strong>. Among the participating organizations were: Abortion Data, Ant\u00edgona, Balance, Cerrucha, Ddeser, Equidad de G\u00e9nero, Fondo MARIA, GIRE, Instituto de Liderazgo Simone de Beauvoir, Ipas LAC, Luchadoras, M\u00e9dicos del Mundo, Michis Aborteros, REDefine CDMX and Vivas y Libres. <\/span><\/p>\n<p><span style=\"font-weight: 400;\">Mexico City was a pioneer in 2007 by allowing access to abortion during the first twelve weeks of gestation, marking a before and after in the recognition of reproductive rights in the country. This advance has allowed thousands of women, girls, adolescents and people with gestational capacity to access legal abortion services, demonstrating its relevance as a public health policy.   <\/span><\/p>\n<p><span data-ccp-props=\"{\"201341983\":0,\"335551550\":6,\"335551620\":6,\"335559740\":276}\"><\/span><\/p>\n<p>[\/et_pb_text][et_pb_text _builder_version=&#8221;4.27.6&#8243; _module_preset=&#8221;default&#8221; global_colors_info=&#8221;{}&#8221; theme_builder_area=&#8221;post_content&#8221;]<\/p>\n<p><span style=\"font-weight: 400;\">However, after almost two decades of this reform, abortion is still classified as a crime in the Penal Code of Mexico City, which reflects a legal contradiction and perpetuates the stigma and criminalization: <strong>from 2015 to February 2026, the CDMX has led the number of files and preliminary investigations on abortion, with a total of 1,587<\/strong> (crime incidence data from the Executive Secretariat of the National Public Security System).<\/span><\/p>\n<p><span style=\"font-weight: 400;\">In this context, activists carried out a symbolic action in front of the Mexico City Congress, where they broke a pi\u00f1ata in the shape of the Penal Code. The gesture celebrated 19 years of legal abortion and, at the same time, demanded the elimination of the crime of abortion from criminal legislation in the CDMX and throughout the country. <\/span><\/p>\n<p><span class=\"EOP SCXW258166102 BCX0\" data-ccp-props=\"{\"201341983\":0,\"335551550\":6,\"335551620\":6,\"335559740\":276}\"> <\/span><\/p>\n<p>[\/et_pb_text][et_pb_code _builder_version=&#8221;4.27.6&#8243; _module_preset=&#8221;default&#8221; theme_builder_area=&#8221;post_content&#8221; hover_enabled=&#8221;0&#8243; sticky_enabled=&#8221;0&#8243;]<\/p>\n<blockquote class=\"instagram-media\" data-instgrm-captioned=\"\" data-instgrm-permalink=\"https:\/\/www.instagram.com\/p\/DXr8e9DEVa2\/?utm_source=ig_embed&amp;utm_campaign=loading\" data-instgrm-version=\"14\" style=\"  background:#FFF; border:0; border-radius:3px; box-shadow:0 0 1px 0 rgba(0,0,0,0.5),0 1px 10px 0 rgba(0,0,0,0.15); margin: 1px; max-width:540px; min-width:326px; padding:0; width:99.375%; width:-webkit-calc(100% - 2px); width:calc(100% - 2px);\">\n<div style=\"padding:16px;\"> <a href=\"https:\/\/www.instagram.com\/p\/DXr8e9DEVa2\/?utm_source=ig_embed&amp;utm_campaign=loading\" style=\"  background:#FFFFFF; line-height:0; padding:0 0; text-align:center; text-decoration:none; width:100%;\" target=\"_blank\"> <\/p>\n<div style=\"  display: flex; flex-direction: row; align-items: center;\">\n<div style=\"background-color: #F4F4F4; border-radius: 50%; flex-grow: 0; height: 40px; margin-right: 14px; width: 40px;\"><\/div>\n<div style=\"display: flex; flex-direction: column; flex-grow: 1; justify-content: center;\">\n<div style=\"  background-color: #F4F4F4; border-radius: 4px; flex-grow: 0; height: 14px; margin-bottom: 6px; width: 100px;\"><\/div>\n<div style=\"  background-color: #F4F4F4; border-radius: 4px; flex-grow: 0; height: 14px; width: 60px;\"><\/div>\n<\/div>\n<\/div>\n<div style=\"padding: 19% 0;\"><\/div>\n<div style=\"display:block; height:50px; margin:0 auto 12px; width:50px;\"><svg width=\"50px\" height=\"50px\" viewbox=\"0 0 60 60\" version=\"1.1\" xmlns=\"https:\/\/www.w3.org\/2000\/svg\" xmlns:xlink=\"https:\/\/www.w3.org\/1999\/xlink\"><g stroke=\"none\" stroke-width=\"1\" fill=\"none\" fill-rule=\"evenodd\"><g transform=\"translate(-511.000000, -20.000000)\" fill=\"#000000\"><g><path d=\"M556.869,30.41 C554.814,30.41 553.148,32.076 553.148,34.131 C553.148,36.186 554.814,37.852 556.869,37.852 C558.924,37.852 560.59,36.186 560.59,34.131 C560.59,32.076 558.924,30.41 556.869,30.41 M541,60.657 C535.114,60.657 530.342,55.887 530.342,50 C530.342,44.114 535.114,39.342 541,39.342 C546.887,39.342 551.658,44.114 551.658,50 C551.658,55.887 546.887,60.657 541,60.657 M541,33.886 C532.1,33.886 524.886,41.1 524.886,50 C524.886,58.899 532.1,66.113 541,66.113 C549.9,66.113 557.115,58.899 557.115,50 C557.115,41.1 549.9,33.886 541,33.886 M565.378,62.101 C565.244,65.022 564.756,66.606 564.346,67.663 C563.803,69.06 563.154,70.057 562.106,71.106 C561.058,72.155 560.06,72.803 558.662,73.347 C557.607,73.757 556.021,74.244 553.102,74.378 C549.944,74.521 548.997,74.552 541,74.552 C533.003,74.552 532.056,74.521 528.898,74.378 C525.979,74.244 524.393,73.757 523.338,73.347 C521.94,72.803 520.942,72.155 519.894,71.106 C518.846,70.057 518.197,69.06 517.654,67.663 C517.244,66.606 516.755,65.022 516.623,62.101 C516.479,58.943 516.448,57.996 516.448,50 C516.448,42.003 516.479,41.056 516.623,37.899 C516.755,34.978 517.244,33.391 517.654,32.338 C518.197,30.938 518.846,29.942 519.894,28.894 C520.942,27.846 521.94,27.196 523.338,26.654 C524.393,26.244 525.979,25.756 528.898,25.623 C532.057,25.479 533.004,25.448 541,25.448 C548.997,25.448 549.943,25.479 553.102,25.623 C556.021,25.756 557.607,26.244 558.662,26.654 C560.06,27.196 561.058,27.846 562.106,28.894 C563.154,29.942 563.803,30.938 564.346,32.338 C564.756,33.391 565.244,34.978 565.378,37.899 C565.522,41.056 565.552,42.003 565.552,50 C565.552,57.996 565.522,58.943 565.378,62.101 M570.82,37.631 C570.674,34.438 570.167,32.258 569.425,30.349 C568.659,28.377 567.633,26.702 565.965,25.035 C564.297,23.368 562.623,22.342 560.652,21.575 C558.743,20.834 556.562,20.326 553.369,20.18 C550.169,20.033 549.148,20 541,20 C532.853,20 531.831,20.033 528.631,20.18 C525.438,20.326 523.257,20.834 521.349,21.575 C519.376,22.342 517.703,23.368 516.035,25.035 C514.368,26.702 513.342,28.377 512.574,30.349 C511.834,32.258 511.326,34.438 511.181,37.631 C511.035,40.831 511,41.851 511,50 C511,58.147 511.035,59.17 511.181,62.369 C511.326,65.562 511.834,67.743 512.574,69.651 C513.342,71.625 514.368,73.296 516.035,74.965 C517.703,76.634 519.376,77.658 521.349,78.425 C523.257,79.167 525.438,79.673 528.631,79.82 C531.831,79.965 532.853,80.001 541,80.001 C549.148,80.001 550.169,79.965 553.369,79.82 C556.562,79.673 558.743,79.167 560.652,78.425 C562.623,77.658 564.297,76.634 565.965,74.965 C567.633,73.296 568.659,71.625 569.425,69.651 C570.167,67.743 570.674,65.562 570.82,62.369 C570.966,59.17 571,58.147 571,50 C571,41.851 570.966,40.831 570.82,37.631\"><\/path><\/path><\/g><\/g><\/g><\/svg><\/div>\n<div style=\"padding-top: 8px;\">\n<div style=\"  color:#3897f0; font-family:Arial,sans-serif; font-size:14px; font-style:normal; font-weight:550; line-height:18px;\">View this post on Instagram<\/div>\n<\/div>\n<div style=\"padding: 12.5% 0;\"><\/div>\n<div style=\"display: flex; flex-direction: row; margin-bottom: 14px; align-items: center;\">\n<div>\n<div style=\"background-color: #F4F4F4; border-radius: 50%; height: 12.5px; width: 12.5px; transform: translateX(0px) translateY(7px);\"><\/div>\n<div style=\"background-color: #F4F4F4; height: 12.5px; transform: rotate(-45deg) translateX(3px) translateY(1px); width: 12.5px; flex-grow: 0; margin-right: 14px; margin-left: 2px;\"><\/div>\n<div style=\"background-color: #F4F4F4; border-radius: 50%; height: 12.5px; width: 12.5px; transform: translateX(9px) translateY(-18px);\"><\/div>\n<\/div>\n<div style=\"margin-left: 8px;\">\n<div style=\"  background-color: #F4F4F4; border-radius: 50%; flex-grow: 0; height: 20px; width: 20px;\"><\/div>\n<div style=\"  width: 0; height: 0; border-top: 2px solid transparent; border-left: 6px solid #f4f4f4; border-bottom: 2px solid transparent; transform: translateX(16px) translateY(-4px) rotate(30deg)\"><\/div>\n<\/div>\n<div style=\"margin-left: auto;\">\n<div style=\"  width: 0px; border-top: 8px solid #F4F4F4; border-right: 8px solid transparent; transform: translateY(16px);\"><\/div>\n<div style=\"  background-color: #F4F4F4; flex-grow: 0; height: 12px; width: 16px; transform: translateY(-4px);\"><\/div>\n<div style=\"  width: 0; height: 0; border-top: 8px solid #F4F4F4; border-left: 8px solid transparent; transform: translateY(-4px) translateX(8px);\"><\/div>\n<\/div>\n<\/div>\n<div style=\"display: flex; flex-direction: column; flex-grow: 1; justify-content: center; margin-bottom: 24px;\">\n<div style=\"  background-color: #F4F4F4; border-radius: 4px; flex-grow: 0; height: 14px; margin-bottom: 6px; width: 224px;\"><\/div>\n<div style=\"  background-color: #F4F4F4; border-radius: 4px; flex-grow: 0; height: 14px; width: 144px;\"><\/div>\n<\/div>\n<p><\/a><pee style=\"  color:#c9c8cd; font-family:Arial,sans-serif; font-size:14px; line-height:17px; margin-bottom:0; margin-top:8px; overflow:hidden; padding:8px 0 7px; text-align:center; text-overflow:ellipsis; white-space:nowrap;\"><a href=\"https:\/\/www.instagram.com\/p\/DXr8e9DEVa2\/?utm_source=ig_embed&amp;utm_campaign=loading\" style=\"  color:#c9c8cd; font-family:Arial,sans-serif; font-size:14px; font-style:normal; font-weight:normal; line-height:17px; text-decoration:none;\" target=\"_blank\">A post shared by Ipas LAC (@ipaslac).<\/a><\/pee><\/div>\n<\/blockquote>\n<p><!-- [et_pb_line_break_holder] --><script async=\"\" src=\"\/\/www.instagram.com\/embed.js\"><\/script>[\/et_pb_code][et_pb_text _builder_version=&#8221;4.27.6&#8243; _module_preset=&#8221;default&#8221; global_colors_info=&#8221;{}&#8221; theme_builder_area=&#8221;post_content&#8221;]<\/p>\n<p><span style=\"font-weight: 400;\">The organizations pointed out that abortion should not continue to be treated as a criminal matter, but as what it is: <strong>a health service and a right that should be fully guaranteed, without ambiguities or legal frameworks that criminalize it.<\/strong><\/span><\/p>\n<p><span data-contrast=\"auto\" xml:lang=\"ES-MX\" lang=\"ES-MX\" class=\"TextRun SCXW139621053 BCX0\"><span class=\"NormalTextRun SCXW139621053 BCX0\"><span style=\"font-weight: 400;\">They also made a public call to the deputies of the Congress of Mexico City to address this historic pending issue and to carry out the necessary reform to eliminate abortion from the Penal Code, in accordance with the advances in reproductive rights and constitutional standards.<\/span><\/span><\/span><\/p>\n<p><span data-contrast=\"auto\" xml:lang=\"ES-MX\" lang=\"ES-MX\" class=\"TextRun SCXW139621053 BCX0\"><span class=\"NormalTextRun SCXW139621053 BCX0\"><span style=\"font-weight: 400;\">Nineteen years after decriminalization, the CDMX has the opportunity to consolidate itself once again as a reference in the region, moving towards a legal framework that fully recognizes the right to decide and leaves behind the use of criminal law to regulate it.<\/span><\/span><\/span><\/p>\n<p><span data-contrast=\"auto\" xml:lang=\"ES-MX\" lang=\"ES-MX\" class=\"TextRun SCXW139621053 BCX0\"><span class=\"NormalTextRun SCXW139621053 BCX0\"><span style=\"font-weight: 400;\">The organizations reiterated that the struggle for reproductive autonomy continues and that <strong>guaranteeing access to abortion as a health service, free of stigma and criminalization, remains a priority.<\/strong><\/span><\/span><\/span><\/p>\n<p>[\/et_pb_text][\/et_pb_column][\/et_pb_row][et_pb_row admin_label=&#8221;Row&#8221; _builder_version=&#8221;4.27.5&#8243; _module_preset=&#8221;default&#8221; global_colors_info=&#8221;{}&#8221; theme_builder_area=&#8221;post_content&#8221;][et_pb_column type=&#8221;4_4&#8243; _builder_version=&#8221;4.27.5&#8243; _module_preset=&#8221;default&#8221; global_colors_info=&#8221;{}&#8221; theme_builder_area=&#8221;post_content&#8221;][et_pb_text _builder_version=&#8221;4.27.5&#8243; _module_preset=&#8221;default&#8221; global_colors_info=&#8221;{}&#8221; theme_builder_area=&#8221;post_content&#8221;]<strong>Press contact: <\/strong><\/p>\n<p>Irene V\u00e1zquez Gudi\u00f1o<\/p>\n<p> +52<a href=\"tel:+52%2055%203428%200544\"> 55 3428 0544<\/a><\/p>\n<p><a href=\"mailto:vazquezi@ipas.org\">vazquezi@ipas.org <\/a>[\/et_pb_text][\/et_pb_column][\/et_pb_row][\/et_pb_section]<\/p>\n","protected":false},"excerpt":{"rendered":"<p>On the 19th anniversary of the partial decriminalization of abortion in the CDMX, feminist organizations, collectives and activists gathered in front of the Congress of the City to commemorate this milestone, and at the same time demand that abortion be definitively eliminated from the Penal Code.<\/p>\n","protected":false},"author":19,"featured_media":7052,"comment_status":"closed","ping_status":"","sticky":false,"template":"","format":"standard","meta":{"_et_pb_use_builder":"on","_et_pb_old_content":"","_et_gb_content_width":"","inline_featured_image":false,"_monsterinsights_skip_tracking":false,"_monsterinsights_sitenote_active":false,"_monsterinsights_sitenote_note":"","_monsterinsights_sitenote_category":0,"footnotes":""},"categories":[122],"country":[84],"post-type":[142],"class_list":["post-7051","post","type-post","status-publish","format-standard","has-post-thumbnail","hentry","category-abortion-legal-and-regulatory-frameworks","country-mexico-en","post-type-news"],"yoast_head":"<!-- This site is optimized with the Yoast SEO plugin v27.5 - https:\/\/yoast.com\/product\/yoast-seo-wordpress\/ -->\n<title>19 years after partial decriminalization in the CDMX, feminist organizations demand that abortion be removed from the Penal Code - Ipas Latin America and Caribean (LAC)<\/title>\n<meta name=\"description\" content=\"Activists perform a performance with a pi\u00f1ata in front of the Mexico City Congress to demand that abortion be removed from the Penal Code. Although the CDMX decriminalized abortion 19 years ago, and it is recognized as a health service, it is still considered a crime under criminal law.\" \/>\n<meta name=\"robots\" content=\"index, follow, max-snippet:-1, max-image-preview:large, max-video-preview:-1\" \/>\n<link rel=\"canonical\" href=\"https:\/\/ipaslac.org\/en\/19-years-after-partial-decriminalization-in-the-cdmx-feminist-organizations-demand-that-abortion-be-removed-from-the-penal-code\/\" \/>\n<meta property=\"og:locale\" content=\"en_US\" \/>\n<meta property=\"og:type\" content=\"article\" \/>\n<meta property=\"og:title\" content=\"19 years after partial decriminalization in the CDMX, feminist organizations demand that abortion be removed from the Penal Code - Ipas Latin America and Caribean (LAC)\" \/>\n<meta property=\"og:description\" content=\"Activists perform a performance with a pi\u00f1ata in front of the Mexico City Congress to demand that abortion be removed from the Penal Code. Although the CDMX decriminalized abortion 19 years ago, and it is recognized as a health service, it is still considered a crime under criminal law.\" \/>\n<meta property=\"og:url\" content=\"https:\/\/ipaslac.org\/en\/19-years-after-partial-decriminalization-in-the-cdmx-feminist-organizations-demand-that-abortion-be-removed-from-the-penal-code\/\" \/>\n<meta property=\"og:site_name\" content=\"Ipas Latin America and Caribean (LAC)\" \/>\n<meta property=\"article:publisher\" content=\"https:\/\/www.facebook.com\/profile.php?id=100087376253565\" \/>\n<meta property=\"article:published_time\" content=\"2026-04-28T20:08:11+00:00\" \/>\n<meta property=\"article:modified_time\" content=\"2026-04-29T11:20:58+00:00\" \/>\n<meta property=\"og:image\" content=\"https:\/\/ipaslac.org\/wp-content\/uploads\/2026\/04\/Comunicado-ILE-CDMX-2026.png\" \/>\n\t<meta property=\"og:image:width\" content=\"794\" \/>\n\t<meta property=\"og:image:height\" content=\"496\" \/>\n\t<meta property=\"og:image:type\" content=\"image\/png\" \/>\n<meta name=\"author\" content=\"Itzel Olivera\" \/>\n<meta name=\"twitter:card\" content=\"summary_large_image\" \/>\n<meta name=\"twitter:label1\" content=\"Written by\" \/>\n\t<meta name=\"twitter:data1\" content=\"Itzel Olivera\" \/>\n\t<meta name=\"twitter:label2\" content=\"Est. reading time\" \/>\n\t<meta name=\"twitter:data2\" content=\"4 minutes\" \/>\n<script type=\"application\/ld+json\" class=\"yoast-schema-graph\">{\"@context\":\"https:\\\/\\\/schema.org\",\"@graph\":[{\"@type\":\"Article\",\"@id\":\"https:\\\/\\\/ipaslac.org\\\/en\\\/19-years-after-partial-decriminalization-in-the-cdmx-feminist-organizations-demand-that-abortion-be-removed-from-the-penal-code\\\/#article\",\"isPartOf\":{\"@id\":\"https:\\\/\\\/ipaslac.org\\\/en\\\/19-years-after-partial-decriminalization-in-the-cdmx-feminist-organizations-demand-that-abortion-be-removed-from-the-penal-code\\\/\"},\"author\":{\"name\":\"Itzel Olivera\",\"@id\":\"https:\\\/\\\/ipaslac.org\\\/#\\\/schema\\\/person\\\/7ffb229e6de1a6a424a45e40f173e6b9\"},\"headline\":\"19 years after partial decriminalization in the CDMX, feminist organizations demand that abortion be removed from the Penal Code\",\"datePublished\":\"2026-04-28T20:08:11+00:00\",\"dateModified\":\"2026-04-29T11:20:58+00:00\",\"mainEntityOfPage\":{\"@id\":\"https:\\\/\\\/ipaslac.org\\\/en\\\/19-years-after-partial-decriminalization-in-the-cdmx-feminist-organizations-demand-that-abortion-be-removed-from-the-penal-code\\\/\"},\"wordCount\":725,\"publisher\":{\"@id\":\"https:\\\/\\\/ipaslac.org\\\/#organization\"},\"image\":{\"@id\":\"https:\\\/\\\/ipaslac.org\\\/en\\\/19-years-after-partial-decriminalization-in-the-cdmx-feminist-organizations-demand-that-abortion-be-removed-from-the-penal-code\\\/#primaryimage\"},\"thumbnailUrl\":\"https:\\\/\\\/ipaslac.org\\\/wp-content\\\/uploads\\\/2026\\\/04\\\/Comunicado-ILE-CDMX-2026.png\",\"articleSection\":[\"Abortion, legal and regulatory frameworks\"],\"inLanguage\":\"en-US\"},{\"@type\":\"WebPage\",\"@id\":\"https:\\\/\\\/ipaslac.org\\\/en\\\/19-years-after-partial-decriminalization-in-the-cdmx-feminist-organizations-demand-that-abortion-be-removed-from-the-penal-code\\\/\",\"url\":\"https:\\\/\\\/ipaslac.org\\\/en\\\/19-years-after-partial-decriminalization-in-the-cdmx-feminist-organizations-demand-that-abortion-be-removed-from-the-penal-code\\\/\",\"name\":\"19 years after partial decriminalization in the CDMX, feminist organizations demand that abortion be removed from the Penal Code - Ipas Latin America and Caribean (LAC)\",\"isPartOf\":{\"@id\":\"https:\\\/\\\/ipaslac.org\\\/#website\"},\"primaryImageOfPage\":{\"@id\":\"https:\\\/\\\/ipaslac.org\\\/en\\\/19-years-after-partial-decriminalization-in-the-cdmx-feminist-organizations-demand-that-abortion-be-removed-from-the-penal-code\\\/#primaryimage\"},\"image\":{\"@id\":\"https:\\\/\\\/ipaslac.org\\\/en\\\/19-years-after-partial-decriminalization-in-the-cdmx-feminist-organizations-demand-that-abortion-be-removed-from-the-penal-code\\\/#primaryimage\"},\"thumbnailUrl\":\"https:\\\/\\\/ipaslac.org\\\/wp-content\\\/uploads\\\/2026\\\/04\\\/Comunicado-ILE-CDMX-2026.png\",\"datePublished\":\"2026-04-28T20:08:11+00:00\",\"dateModified\":\"2026-04-29T11:20:58+00:00\",\"description\":\"Activists perform a performance with a pi\u00f1ata in front of the Mexico City Congress to demand that abortion be removed from the Penal Code. Although the CDMX decriminalized abortion 19 years ago, and it is recognized as a health service, it is still considered a crime under criminal law.\",\"breadcrumb\":{\"@id\":\"https:\\\/\\\/ipaslac.org\\\/en\\\/19-years-after-partial-decriminalization-in-the-cdmx-feminist-organizations-demand-that-abortion-be-removed-from-the-penal-code\\\/#breadcrumb\"},\"inLanguage\":\"en-US\",\"potentialAction\":[{\"@type\":\"ReadAction\",\"target\":[\"https:\\\/\\\/ipaslac.org\\\/en\\\/19-years-after-partial-decriminalization-in-the-cdmx-feminist-organizations-demand-that-abortion-be-removed-from-the-penal-code\\\/\"]}]},{\"@type\":\"ImageObject\",\"inLanguage\":\"en-US\",\"@id\":\"https:\\\/\\\/ipaslac.org\\\/en\\\/19-years-after-partial-decriminalization-in-the-cdmx-feminist-organizations-demand-that-abortion-be-removed-from-the-penal-code\\\/#primaryimage\",\"url\":\"https:\\\/\\\/ipaslac.org\\\/wp-content\\\/uploads\\\/2026\\\/04\\\/Comunicado-ILE-CDMX-2026.png\",\"contentUrl\":\"https:\\\/\\\/ipaslac.org\\\/wp-content\\\/uploads\\\/2026\\\/04\\\/Comunicado-ILE-CDMX-2026.png\",\"width\":794,\"height\":496},{\"@type\":\"BreadcrumbList\",\"@id\":\"https:\\\/\\\/ipaslac.org\\\/en\\\/19-years-after-partial-decriminalization-in-the-cdmx-feminist-organizations-demand-that-abortion-be-removed-from-the-penal-code\\\/#breadcrumb\",\"itemListElement\":[{\"@type\":\"ListItem\",\"position\":1,\"name\":\"Home\",\"item\":\"https:\\\/\\\/ipaslac.org\\\/en\\\/\"},{\"@type\":\"ListItem\",\"position\":2,\"name\":\"19 years after partial decriminalization in the CDMX, feminist organizations demand that abortion be removed from the Penal Code\"}]},{\"@type\":\"WebSite\",\"@id\":\"https:\\\/\\\/ipaslac.org\\\/#website\",\"url\":\"https:\\\/\\\/ipaslac.org\\\/\",\"name\":\"Ipas Latinoam\u00e9rica y el Caribe (Ipas LAC)\",\"description\":\"Health. Access. Rights.\",\"publisher\":{\"@id\":\"https:\\\/\\\/ipaslac.org\\\/#organization\"},\"potentialAction\":[{\"@type\":\"SearchAction\",\"target\":{\"@type\":\"EntryPoint\",\"urlTemplate\":\"https:\\\/\\\/ipaslac.org\\\/?s={search_term_string}\"},\"query-input\":{\"@type\":\"PropertyValueSpecification\",\"valueRequired\":true,\"valueName\":\"search_term_string\"}}],\"inLanguage\":\"en-US\"},{\"@type\":\"Organization\",\"@id\":\"https:\\\/\\\/ipaslac.org\\\/#organization\",\"name\":\"Ipas Bangladesh\",\"url\":\"https:\\\/\\\/ipaslac.org\\\/\",\"logo\":{\"@type\":\"ImageObject\",\"inLanguage\":\"en-US\",\"@id\":\"https:\\\/\\\/ipaslac.org\\\/#\\\/schema\\\/logo\\\/image\\\/\",\"url\":\"\",\"contentUrl\":\"\",\"caption\":\"Ipas Bangladesh\"},\"image\":{\"@id\":\"https:\\\/\\\/ipaslac.org\\\/#\\\/schema\\\/logo\\\/image\\\/\"},\"sameAs\":[\"https:\\\/\\\/www.facebook.com\\\/profile.php?id=100087376253565\",\"https:\\\/\\\/www.linkedin.com\\\/company\\\/89710990\\\/admin\\\/feed\\\/posts\\\/\",\"https:\\\/\\\/www.instagram.com\\\/ipas.bangladesh\\\/\"]},{\"@type\":\"Person\",\"@id\":\"https:\\\/\\\/ipaslac.org\\\/#\\\/schema\\\/person\\\/7ffb229e6de1a6a424a45e40f173e6b9\",\"name\":\"Itzel Olivera\",\"image\":{\"@type\":\"ImageObject\",\"inLanguage\":\"en-US\",\"@id\":\"https:\\\/\\\/secure.gravatar.com\\\/avatar\\\/1d41c448ef9134e1f9998e0673a7670892ebcebd7335069dddb67eca66224587?s=96&d=mm&r=g\",\"url\":\"https:\\\/\\\/secure.gravatar.com\\\/avatar\\\/1d41c448ef9134e1f9998e0673a7670892ebcebd7335069dddb67eca66224587?s=96&d=mm&r=g\",\"contentUrl\":\"https:\\\/\\\/secure.gravatar.com\\\/avatar\\\/1d41c448ef9134e1f9998e0673a7670892ebcebd7335069dddb67eca66224587?s=96&d=mm&r=g\",\"caption\":\"Itzel Olivera\"},\"url\":\"https:\\\/\\\/ipaslac.org\\\/en\\\/author\\\/oliverag\\\/\"}]}<\/script>\n<!-- \/ Yoast SEO plugin. -->","yoast_head_json":{"title":"19 years after partial decriminalization in the CDMX, feminist organizations demand that abortion be removed from the Penal Code - Ipas Latin America and Caribean (LAC)","description":"Activists perform a performance with a pi\u00f1ata in front of the Mexico City Congress to demand that abortion be removed from the Penal Code. Although the CDMX decriminalized abortion 19 years ago, and it is recognized as a health service, it is still considered a crime under criminal law.","robots":{"index":"index","follow":"follow","max-snippet":"max-snippet:-1","max-image-preview":"max-image-preview:large","max-video-preview":"max-video-preview:-1"},"canonical":"https:\/\/ipaslac.org\/en\/19-years-after-partial-decriminalization-in-the-cdmx-feminist-organizations-demand-that-abortion-be-removed-from-the-penal-code\/","og_locale":"en_US","og_type":"article","og_title":"19 years after partial decriminalization in the CDMX, feminist organizations demand that abortion be removed from the Penal Code - Ipas Latin America and Caribean (LAC)","og_description":"Activists perform a performance with a pi\u00f1ata in front of the Mexico City Congress to demand that abortion be removed from the Penal Code. Although the CDMX decriminalized abortion 19 years ago, and it is recognized as a health service, it is still considered a crime under criminal law.","og_url":"https:\/\/ipaslac.org\/en\/19-years-after-partial-decriminalization-in-the-cdmx-feminist-organizations-demand-that-abortion-be-removed-from-the-penal-code\/","og_site_name":"Ipas Latin America and Caribean (LAC)","article_publisher":"https:\/\/www.facebook.com\/profile.php?id=100087376253565","article_published_time":"2026-04-28T20:08:11+00:00","article_modified_time":"2026-04-29T11:20:58+00:00","og_image":[{"width":794,"height":496,"url":"https:\/\/ipaslac.org\/wp-content\/uploads\/2026\/04\/Comunicado-ILE-CDMX-2026.png","type":"image\/png"}],"author":"Itzel Olivera","twitter_card":"summary_large_image","twitter_misc":{"Written by":"Itzel Olivera","Est. reading time":"4 minutes"},"schema":{"@context":"https:\/\/schema.org","@graph":[{"@type":"Article","@id":"https:\/\/ipaslac.org\/en\/19-years-after-partial-decriminalization-in-the-cdmx-feminist-organizations-demand-that-abortion-be-removed-from-the-penal-code\/#article","isPartOf":{"@id":"https:\/\/ipaslac.org\/en\/19-years-after-partial-decriminalization-in-the-cdmx-feminist-organizations-demand-that-abortion-be-removed-from-the-penal-code\/"},"author":{"name":"Itzel Olivera","@id":"https:\/\/ipaslac.org\/#\/schema\/person\/7ffb229e6de1a6a424a45e40f173e6b9"},"headline":"19 years after partial decriminalization in the CDMX, feminist organizations demand that abortion be removed from the Penal Code","datePublished":"2026-04-28T20:08:11+00:00","dateModified":"2026-04-29T11:20:58+00:00","mainEntityOfPage":{"@id":"https:\/\/ipaslac.org\/en\/19-years-after-partial-decriminalization-in-the-cdmx-feminist-organizations-demand-that-abortion-be-removed-from-the-penal-code\/"},"wordCount":725,"publisher":{"@id":"https:\/\/ipaslac.org\/#organization"},"image":{"@id":"https:\/\/ipaslac.org\/en\/19-years-after-partial-decriminalization-in-the-cdmx-feminist-organizations-demand-that-abortion-be-removed-from-the-penal-code\/#primaryimage"},"thumbnailUrl":"https:\/\/ipaslac.org\/wp-content\/uploads\/2026\/04\/Comunicado-ILE-CDMX-2026.png","articleSection":["Abortion, legal and regulatory frameworks"],"inLanguage":"en-US"},{"@type":"WebPage","@id":"https:\/\/ipaslac.org\/en\/19-years-after-partial-decriminalization-in-the-cdmx-feminist-organizations-demand-that-abortion-be-removed-from-the-penal-code\/","url":"https:\/\/ipaslac.org\/en\/19-years-after-partial-decriminalization-in-the-cdmx-feminist-organizations-demand-that-abortion-be-removed-from-the-penal-code\/","name":"19 years after partial decriminalization in the CDMX, feminist organizations demand that abortion be removed from the Penal Code - Ipas Latin America and Caribean (LAC)","isPartOf":{"@id":"https:\/\/ipaslac.org\/#website"},"primaryImageOfPage":{"@id":"https:\/\/ipaslac.org\/en\/19-years-after-partial-decriminalization-in-the-cdmx-feminist-organizations-demand-that-abortion-be-removed-from-the-penal-code\/#primaryimage"},"image":{"@id":"https:\/\/ipaslac.org\/en\/19-years-after-partial-decriminalization-in-the-cdmx-feminist-organizations-demand-that-abortion-be-removed-from-the-penal-code\/#primaryimage"},"thumbnailUrl":"https:\/\/ipaslac.org\/wp-content\/uploads\/2026\/04\/Comunicado-ILE-CDMX-2026.png","datePublished":"2026-04-28T20:08:11+00:00","dateModified":"2026-04-29T11:20:58+00:00","description":"Activists perform a performance with a pi\u00f1ata in front of the Mexico City Congress to demand that abortion be removed from the Penal Code. Although the CDMX decriminalized abortion 19 years ago, and it is recognized as a health service, it is still considered a crime under criminal law.","breadcrumb":{"@id":"https:\/\/ipaslac.org\/en\/19-years-after-partial-decriminalization-in-the-cdmx-feminist-organizations-demand-that-abortion-be-removed-from-the-penal-code\/#breadcrumb"},"inLanguage":"en-US","potentialAction":[{"@type":"ReadAction","target":["https:\/\/ipaslac.org\/en\/19-years-after-partial-decriminalization-in-the-cdmx-feminist-organizations-demand-that-abortion-be-removed-from-the-penal-code\/"]}]},{"@type":"ImageObject","inLanguage":"en-US","@id":"https:\/\/ipaslac.org\/en\/19-years-after-partial-decriminalization-in-the-cdmx-feminist-organizations-demand-that-abortion-be-removed-from-the-penal-code\/#primaryimage","url":"https:\/\/ipaslac.org\/wp-content\/uploads\/2026\/04\/Comunicado-ILE-CDMX-2026.png","contentUrl":"https:\/\/ipaslac.org\/wp-content\/uploads\/2026\/04\/Comunicado-ILE-CDMX-2026.png","width":794,"height":496},{"@type":"BreadcrumbList","@id":"https:\/\/ipaslac.org\/en\/19-years-after-partial-decriminalization-in-the-cdmx-feminist-organizations-demand-that-abortion-be-removed-from-the-penal-code\/#breadcrumb","itemListElement":[{"@type":"ListItem","position":1,"name":"Home","item":"https:\/\/ipaslac.org\/en\/"},{"@type":"ListItem","position":2,"name":"19 years after partial decriminalization in the CDMX, feminist organizations demand that abortion be removed from the Penal Code"}]},{"@type":"WebSite","@id":"https:\/\/ipaslac.org\/#website","url":"https:\/\/ipaslac.org\/","name":"Ipas Latinoam\u00e9rica y el Caribe (Ipas LAC)","description":"Health. Access. Rights.","publisher":{"@id":"https:\/\/ipaslac.org\/#organization"},"potentialAction":[{"@type":"SearchAction","target":{"@type":"EntryPoint","urlTemplate":"https:\/\/ipaslac.org\/?s={search_term_string}"},"query-input":{"@type":"PropertyValueSpecification","valueRequired":true,"valueName":"search_term_string"}}],"inLanguage":"en-US"},{"@type":"Organization","@id":"https:\/\/ipaslac.org\/#organization","name":"Ipas Bangladesh","url":"https:\/\/ipaslac.org\/","logo":{"@type":"ImageObject","inLanguage":"en-US","@id":"https:\/\/ipaslac.org\/#\/schema\/logo\/image\/","url":"","contentUrl":"","caption":"Ipas Bangladesh"},"image":{"@id":"https:\/\/ipaslac.org\/#\/schema\/logo\/image\/"},"sameAs":["https:\/\/www.facebook.com\/profile.php?id=100087376253565","https:\/\/www.linkedin.com\/company\/89710990\/admin\/feed\/posts\/","https:\/\/www.instagram.com\/ipas.bangladesh\/"]},{"@type":"Person","@id":"https:\/\/ipaslac.org\/#\/schema\/person\/7ffb229e6de1a6a424a45e40f173e6b9","name":"Itzel Olivera","image":{"@type":"ImageObject","inLanguage":"en-US","@id":"https:\/\/secure.gravatar.com\/avatar\/1d41c448ef9134e1f9998e0673a7670892ebcebd7335069dddb67eca66224587?s=96&d=mm&r=g","url":"https:\/\/secure.gravatar.com\/avatar\/1d41c448ef9134e1f9998e0673a7670892ebcebd7335069dddb67eca66224587?s=96&d=mm&r=g","contentUrl":"https:\/\/secure.gravatar.com\/avatar\/1d41c448ef9134e1f9998e0673a7670892ebcebd7335069dddb67eca66224587?s=96&d=mm&r=g","caption":"Itzel Olivera"},"url":"https:\/\/ipaslac.org\/en\/author\/oliverag\/"}]}},"_links":{"self":[{"href":"https:\/\/ipaslac.org\/en\/wp-json\/wp\/v2\/posts\/7051","targetHints":{"allow":["GET"]}}],"collection":[{"href":"https:\/\/ipaslac.org\/en\/wp-json\/wp\/v2\/posts"}],"about":[{"href":"https:\/\/ipaslac.org\/en\/wp-json\/wp\/v2\/types\/post"}],"author":[{"embeddable":true,"href":"https:\/\/ipaslac.org\/en\/wp-json\/wp\/v2\/users\/19"}],"replies":[{"embeddable":true,"href":"https:\/\/ipaslac.org\/en\/wp-json\/wp\/v2\/comments?post=7051"}],"version-history":[{"count":0,"href":"https:\/\/ipaslac.org\/en\/wp-json\/wp\/v2\/posts\/7051\/revisions"}],"wp:featuredmedia":[{"embeddable":true,"href":"https:\/\/ipaslac.org\/en\/wp-json\/wp\/v2\/media\/7052"}],"wp:attachment":[{"href":"https:\/\/ipaslac.org\/en\/wp-json\/wp\/v2\/media?parent=7051"}],"wp:term":[{"taxonomy":"category","embeddable":true,"href":"https:\/\/ipaslac.org\/en\/wp-json\/wp\/v2\/categories?post=7051"},{"taxonomy":"country","embeddable":true,"href":"https:\/\/ipaslac.org\/en\/wp-json\/wp\/v2\/country?post=7051"},{"taxonomy":"post-type","embeddable":true,"href":"https:\/\/ipaslac.org\/en\/wp-json\/wp\/v2\/post-type?post=7051"}],"curies":[{"name":"wp","href":"https:\/\/api.w.org\/{rel}","templated":true}]}}